{"id":3360,"date":"2020-09-16T11:37:08","date_gmt":"2020-09-16T11:37:08","guid":{"rendered":"https:\/\/www.araniasa.com\/?p=3360"},"modified":"2021-01-27T11:55:53","modified_gmt":"2021-01-27T11:55:53","slug":"le-secteur-automobile-retrouve-son-pouls","status":"publish","type":"post","link":"https:\/\/www.araniasa.com\/fr\/le-secteur-automobile-retrouve-son-pouls\/","title":{"rendered":"Le secteur automobile retrouve son pouls"},"content":{"rendered":"<div class=\"wpb-content-wrapper\"><p>[vc_row type=&#8221;vc_default&#8221;][vc_column]<div id=\"ultimate-heading-804669f5bf363a976\" class=\"uvc-heading ult-adjust-bottom-margin ultimate-heading-804669f5bf363a976 uvc-243 \" data-hspacer=\"image_only\"  data-halign=\"center\" style=\"text-align:center\"><div class=\"uvc-main-heading ult-responsive\"  data-ultimate-target='.uvc-heading.ultimate-heading-804669f5bf363a976 h1'  data-responsive-json-new='{\"font-size\":\"desktop:26px;\",\"line-height\":\"\"}' ><h1 style=\"font-weight:bold;\">Le secteur automobile retrouve son pouls<\/h1><\/div><div class=\"uvc-heading-spacer image_only\" style=\"margin-bottom:20px;\"><img decoding=\"async\" src=\"https:\/\/www.araniasa.com\/wp-content\/uploads\/2018\/10\/linea-circulos.png\" class=\"ultimate-headings-icon-image\" alt=\"null\" style=\"width:250px\"\/><\/div><\/div>[vc_empty_space height=&#8221;20px&#8221;][vc_column_text]<strong>Apr\u00e8s des mois d&#8217;incertitude et de fortes chutes de production, le secteur automobile montre progressivement des signes de reprise. Les usines de v\u00e9hicules reprennent leur production, la cha\u00eene de valeur se r\u00e9active et la demande europ\u00e9enne att\u00e9nue les chiffres accablants de la pand\u00e9mie. Aujourd&#8217;hui plus que jamais, les solutions d&#8217;Arania en acier lamin\u00e9 \u00e0 froid de pr\u00e9cision pour l&#8217;industrie automobile ouvrent la voie \u00e0 la r\u00e9cup\u00e9ration d&#8217;un secteur cl\u00e9 pour les \u00e9conomies basque, espagnole et europ\u00e9enne.<\/strong>[\/vc_column_text][vc_column_text]On le sait bien, la pand\u00e9mie a entra\u00een\u00e9 la fermeture des usines automobiles suite \u00e0 l&#8217;arr\u00eat obligatoire des activit\u00e9s non essentielles, un v\u00e9ritable coup dur pour les ventes de toute la cha\u00eene de valeur du secteur, ainsi que pour ses principaux fournisseurs. D&#8217;autant plus si l&#8217;on consid\u00e8re que l&#8217;automobile est l&#8217;un des moteurs de l&#8217;\u00e9conomie. Comme si cela ne suffisait pas, cet incroyable d\u00e9fi se pr\u00e9sente en pleine r\u00e9volution \u00e0 la fois technologique &#8211; vers l&#8217;\u00e9lectrique &#8211; et dans l&#8217;utilisation du produit &#8211; le v\u00e9hicule -, ce qui constitue un v\u00e9ritable \u00e9preuve pour la sant\u00e9 de l&#8217;automobile.[\/vc_column_text][vc_column_text]Toutefois, certains signes indiquent que le pire est peut-\u00eatre pass\u00e9. Le secteur automobile, avec le secteur agroalimentaire, ont \u00e9t\u00e9 les seuls \u00e0 afficher une certaine croissance et des r\u00e9sultats positifs dans leur balance commerciale au cours du premier semestre 2020, avec une contribution estim\u00e9e \u00e0 4 159 millions d&#8217;euros pour l&#8217;\u00e9conomie espagnole. Les v\u00e9hicules export\u00e9s hors d&#8217;Espagne ont rapport\u00e9 13 620 millions d&#8217;euros, soit une baisse de 28,2 % par rapport \u00e0 la m\u00eame p\u00e9riode de l\u2019ann\u00e9e pr\u00e9c\u00e9dente.[\/vc_column_text]<div class=\"dt-fancy-separator h2-size\" style=\"width: 100%;\"><div class=\"dt-fancy-title\"><span class=\"separator-holder separator-left\"><\/span>Pand\u00e9mie, v\u00e9hicules \u00e9lectriques et nouvelle consommation : les d\u00e9fis du secteur automobile<span class=\"separator-holder separator-right\"><\/span><\/div><\/div>[vc_empty_space height=&#8221;20px&#8221;][vc_column_text]Pendant la crise \u00e9conomique, la gestion des ressources humaines &#8211; comme les r\u00e9glementations de l&#8217;enregistrement temporelles de l&#8217;emploi ou la mise en place du t\u00e9l\u00e9travail &#8211; a constitu\u00e9 le principal d\u00e9fi organisationnel auquel ont d\u00fb faire face huit entreprises sur dix li\u00e9es au secteur automobile.<\/p>\n<p>Malgr\u00e9 la fermeture des march\u00e9s europ\u00e9ens pendant les mois de confinement et les in\u00e9vitables r\u00e9percussions \u00e9conomiques sur le secteur, l&#8217;industrie automobile est l&#8217;un des principaux moteurs de l&#8217;\u00e9conomie. C&#8217;est le secteur qui a le plus augment\u00e9 sa contribution \u00e0 la balance commerciale espagnole depuis la fin de l&#8217;\u00e9tat d&#8217;alerte (avril), avec une hausse de 132,7%. En 2019, l&#8217;Espagne \u00e9tait le deuxi\u00e8me constructeur automobile en Europe, seulement derri\u00e8re l&#8217;Allemagne, et le huiti\u00e8me au monde, ainsi que le premier constructeur europ\u00e9en de <a href=\"https:\/\/transporteprofesional.es\/noticias-actualidad-transporte-logistica\/transporte-de-mercancias\/crece-la-exportacion-de-vehiculos-un-0-9-en-el-primer-semestre-de-2020\" target=\"_blank\" rel=\"noopener noreferrer\"><strong>v\u00e9hicules utilitaires<\/strong><\/a>.[\/vc_column_text]<div class=\"dt-fancy-separator h2-size\" style=\"width: 100%;\"><div class=\"dt-fancy-title\"><span class=\"separator-holder separator-left\"><\/span>Le secteur automobile : une activit\u00e9 essentielle pour Arania et l&#039;ensemble de l&#039;\u00e9conomie<span class=\"separator-holder separator-right\"><\/span><\/div><\/div>[vc_empty_space height=&#8221;20px&#8221;][vc_column_text]En ce sens, la reprise progressive du march\u00e9 europ\u00e9en, qui mod\u00e8re la baisse des immatriculations, permet de retrouver un certain rythme de production. En outre, les employeurs du secteur sont \u00e9galement assez optimistes : la grande majorit\u00e9 d&#8217;entre eux pensent d\u00e9j\u00e0 \u00e0 une r\u00e9cup\u00e9ration avant le second semestre 2021.<\/p>\n<p>C&#8217;est une excellente nouvelle pour Arania et l&#8217;ensemble du groupe Arania. L&#8217;acier de pr\u00e9cision lamin\u00e9 \u00e0 froid produit dans nos usines pour les clients les plus exigeants du secteur automobile repr\u00e9sente pr\u00e8s de 75% de l&#8217;activit\u00e9 de production, visant \u00e0 r\u00e9pondre \u00e0 la demande des <a href=\"https:\/\/www.araniasa.com\/fr\/aciers-gamme\/\" target=\"_blank\" rel=\"noopener noreferrer\">meilleurs constructeurs<\/a>.[\/vc_column_text][vc_empty_space height=&#8221;20px&#8221;][vc_column_text]<strong>Aujourd&#8217;hui plus que jamais, la gamme d&#8217;aciers automobiles de pr\u00e9cision lamin\u00e9s \u00e0 froid d&#8217;Arania est le meilleur outil entre les mains du secteur automobile pour r\u00e9pondre efficacement aux besoins les plus exigeants du march\u00e9 actuel.<\/strong>[\/vc_column_text][\/vc_column][\/vc_row]<\/p>\n<\/div>","protected":false},"excerpt":{"rendered":"<p>Apr\u00e8s des mois d&#8217;incertitude et de fortes chutes de production, le secteur automobile montre progressivement des signes de reprise.<\/p>\n","protected":false},"author":2,"featured_media":3354,"comment_status":"closed","ping_status":"closed","sticky":false,"template":"","format":"standard","meta":{"footnotes":""},"categories":[8,14],"tags":[],"class_list":["post-3360","post","type-post","status-publish","format-standard","has-post-thumbnail","hentry","category-non-classifiee","category-noticias-generales-fr","category-8","category-14","description-off"],"wpml":{"es":{"post_id":"3351","post_title":"El sector del autom\u00f3vil recupera el pulso","post_excerpt":"Las plantas de fabricaci\u00f3n de veh\u00edculos retoman la producci\u00f3n, la cadena de valor se reactiva y la demanda exterior alivia las duras cifras de la pandemia.","post_url":"https:\/\/www.araniasa.com\/el-sector-automovil-recupera-el-pulso\/"},"de":{"post_id":"3358","post_title":"Die Automobilbranche ist auf Erholungskurs","post_excerpt":"Nach mehreren Monaten Unsicherheit und starken Produktionseinbr\u00fcchen, zeigt die Automobilbranche nach und nach leichte Erholungszeichen.","post_url":"https:\/\/www.araniasa.com\/de\/die-automobilbranche-ist-auf-erholungskurs\/"},"en":{"post_id":"3362","post_title":"The automotive sector is recovering the pulse","post_excerpt":"After months of uncertainty and severe drops in production, the automotive sector is gradually showing some signs of recovery.","post_url":"https:\/\/www.araniasa.com\/en\/the-automotive-sector-is-recovering-the-pulse\/"}},"_links":{"self":[{"href":"https:\/\/www.araniasa.com\/fr\/wp-json\/wp\/v2\/posts\/3360","targetHints":{"allow":["GET"]}}],"collection":[{"href":"https:\/\/www.araniasa.com\/fr\/wp-json\/wp\/v2\/posts"}],"about":[{"href":"https:\/\/www.araniasa.com\/fr\/wp-json\/wp\/v2\/types\/post"}],"author":[{"embeddable":true,"href":"https:\/\/www.araniasa.com\/fr\/wp-json\/wp\/v2\/users\/2"}],"replies":[{"embeddable":true,"href":"https:\/\/www.araniasa.com\/fr\/wp-json\/wp\/v2\/comments?post=3360"}],"version-history":[{"count":0,"href":"https:\/\/www.araniasa.com\/fr\/wp-json\/wp\/v2\/posts\/3360\/revisions"}],"wp:featuredmedia":[{"embeddable":true,"href":"https:\/\/www.araniasa.com\/fr\/wp-json\/wp\/v2\/media\/3354"}],"wp:attachment":[{"href":"https:\/\/www.araniasa.com\/fr\/wp-json\/wp\/v2\/media?parent=3360"}],"wp:term":[{"taxonomy":"category","embeddable":true,"href":"https:\/\/www.araniasa.com\/fr\/wp-json\/wp\/v2\/categories?post=3360"},{"taxonomy":"post_tag","embeddable":true,"href":"https:\/\/www.araniasa.com\/fr\/wp-json\/wp\/v2\/tags?post=3360"}],"curies":[{"name":"wp","href":"https:\/\/api.w.org\/{rel}","templated":true}]}}