{"id":3821,"date":"2021-11-02T09:29:36","date_gmt":"2021-11-02T09:29:36","guid":{"rendered":"https:\/\/www.araniasa.com\/proteccion-del-medioambiente-y-movilidad-sostenible-un-paso-mas-de-arania\/"},"modified":"2021-11-02T09:43:49","modified_gmt":"2021-11-02T09:43:49","slug":"preservation-de-lenvironnement-et-mobilite-durable-une-nouvelle-etape-pour-arania","status":"publish","type":"post","link":"https:\/\/www.araniasa.com\/fr\/preservation-de-lenvironnement-et-mobilite-durable-une-nouvelle-etape-pour-arania\/","title":{"rendered":"Pr\u00e9servation de l&#8217;environnement et mobilit\u00e9 durable : une nouvelle \u00e9tape pour Arania"},"content":{"rendered":"<div class=\"wpb-content-wrapper\"><p>[vc_row type=&#8221;vc_default&#8221;][vc_column]<div id=\"ultimate-heading-88469f265324b390\" class=\"uvc-heading ult-adjust-bottom-margin ultimate-heading-88469f265324b390 uvc-270 \" data-hspacer=\"image_only\"  data-halign=\"center\" style=\"text-align:center\"><div class=\"uvc-main-heading ult-responsive\"  data-ultimate-target='.uvc-heading.ultimate-heading-88469f265324b390 h1'  data-responsive-json-new='{\"font-size\":\"desktop:26px;\",\"line-height\":\"\"}' ><h1 style=\"font-weight:bold;\">Pr\u00e9servation de l'environnement et mobilit\u00e9 durable : une nouvelle \u00e9tape pour Arania<\/h1><\/div><div class=\"uvc-heading-spacer image_only\" style=\"margin-bottom:20px;\"><img decoding=\"async\" src=\"https:\/\/www.araniasa.com\/wp-content\/uploads\/2018\/10\/linea-circulos.png\" class=\"ultimate-headings-icon-image\" alt=\"null\" style=\"width:250px\"\/><\/div><\/div>[vc_empty_space height=&#8221;20px&#8221;][vc_column_text]<strong>Le Groupe Arania r\u00e9affirme son engagement envers la protection de l&#8217;environnement en activant officiellement le certificat de Garantie d&#8217;Origine renouvelable (GdO). Cette accr\u00e9ditation certifie que l&#8217;\u00e9nergie \u00e9lectrique utilis\u00e9e pour produire l&#8217;acier lamin\u00e9 et tous les produits du Groupe est g\u00e9n\u00e9r\u00e9e \u00e0 partir de sources d&#8217;\u00e9nergie renouvelables. Un regard vers l&#8217;avenir : Arania mise \u00e9galement sur la mobilit\u00e9 durable avec l&#8217;installation d&#8217;une borne de recharge rapide pour les v\u00e9hicules \u00e9lectriques et hybrides rechargeables dans ses locaux.<\/strong>[\/vc_column_text][vc_column_text]Nous avons r\u00e9cemment soulign\u00e9 le ferme engagement d&#8217;Arania envers la protection de l&#8217;environnement \u00e0 travers l&#8217;activation des <a href=\"https:\/\/www.araniasa.com\/fr\/objectif-durabilite-lengagement-environnemental-darania\/\" target=\"_blank\" rel=\"noopener\"><strong>Garanties d&#8217;Origine (GdO)<\/strong><\/a>. Ces certifications, d\u00e9livr\u00e9es en Espagne par la <strong>Commission Nationale des March\u00e9s et de la Concurrence (CNMC)<\/strong>, attestent que le Groupe Arania effectue ses processus de production en utilisant des \u00e9nergies renouvelables. Ainsi, l&#8217;entreprise peut fournir des informations d\u00e9taill\u00e9es \u00e0 ses clients, fournisseurs et partenaires sur l&#8217;origine de l&#8217;\u00e9nergie qu&#8217;elle consomme et l&#8217;impact environnemental g\u00e9n\u00e9r\u00e9 dans le cycle de fabrication de ses produits.[\/vc_column_text][vc_empty_space height=&#8221;12px&#8221;]<div class=\"dt-fancy-separator h2-size\" style=\"width: 100%;\"><div class=\"dt-fancy-title\"><span class=\"separator-holder separator-left\"><\/span>L&#039;avenir industriel passe par la durabilit\u00e9<span class=\"separator-holder separator-right\"><\/span><\/div><\/div>[vc_empty_space height=&#8221;20px&#8221;][vc_column_text]Depuis le si\u00e8cle dernier, la conservation des ressources naturelles et le respect de l&#8217;environnement sont de plus en plus pr\u00e9sents dans l&#8217;esprit collectif mondial. Les objectifs de durabilit\u00e9 au niveau europ\u00e9en et au niveau des entreprises sont de plus en plus ambitieux. En r\u00e8gle g\u00e9n\u00e9rale, les activit\u00e9s industrielles sont <strong>fortement d\u00e9pendantes de l&#8217;\u00e9nergie<\/strong>. Il est donc essentiel de mettre l&#8217;accent autant que possible sur la r\u00e9duction des co\u00fbts \u00e9nerg\u00e9tiques et l&#8217;optimisation de l&#8217;efficacit\u00e9 \u00e9nerg\u00e9tique.[\/vc_column_text][vc_empty_space height=&#8221;12px&#8221;]<div class=\"dt-fancy-separator h2-size\" style=\"width: 100%;\"><div class=\"dt-fancy-title\"><span class=\"separator-holder separator-left\"><\/span>Les nouvelles technologies de production permettent de r\u00e9duire les \u00e9missions<span class=\"separator-holder separator-right\"><\/span><\/div><\/div>[vc_empty_space height=&#8221;20px&#8221;][vc_column_text]R\u00e9solument engag\u00e9e en faveur de la durabilit\u00e9 et de l&#8217;environnement, Arania a commenc\u00e9 \u00e0 concr\u00e9tiser diff\u00e9rentes actions et projets dans le but de r\u00e9duire son empreinte environnementale en termes d&#8217;\u00e9missions de CO2.<\/p>\n<p>Ainsi, dans le cadre de ce plan d&#8217;action, nous avons d\u00e9j\u00e0 re\u00e7u la premi\u00e8re bobine lamin\u00e9e \u00e0 chaud produite avec une nouvelle technologie plus durable, dont le mat\u00e9riau de d\u00e9part provient du nouveau <a href=\"https:\/\/salcos.salzgitter-ag.com\/en\/index.html\" target=\"_blank\" rel=\"noopener\"><strong>programme SALCOS \u00e0 Salzgitter (Allemagne)<\/strong><\/a>, et qui permettra une r\u00e9duction globale de 71 % des \u00e9missions par rapport aux bobines lamin\u00e9es \u00e0 chaud produites de mani\u00e8re conventionnelle.<\/p>\n<p>Pour Arania, notre priorit\u00e9 est de toujours offrir la meilleure qualit\u00e9 possible afin de maximiser la dur\u00e9e de vie de tous nos produits en acier lamin\u00e9. L&#8217;acier lui-m\u00eame fait partie de notre ADN industriel, et il est consid\u00e9r\u00e9 comme l&#8217;un des <a href=\"https:\/\/www.araniasa.com\/fr\/recyclage-de-lacier-reduction-des-dechets-et-economie-circulaire-objectif-2030\/\" target=\"_blank\" rel=\"noopener\"><strong>mat\u00e9riaux les plus durables de la plan\u00e8te<\/strong><\/a>. Contrairement \u00e0 d&#8217;autres alliages, l&#8217;acier pr\u00e9sente le taux de r\u00e9cup\u00e9ration le plus \u00e9lev\u00e9 en termes de recyclage (98 %). Un acier correctement trait\u00e9 peut acqu\u00e9rir des propri\u00e9t\u00e9s qui perdurent pendant toute sa vie utile et, finalement, cet acier peut \u00eatre recycl\u00e9 \u00e0 nouveau.[\/vc_column_text][vc_empty_space height=&#8221;12px&#8221;]<div class=\"dt-fancy-separator h2-size\" style=\"width: 100%;\"><div class=\"dt-fancy-title\"><span class=\"separator-holder separator-left\"><\/span>Mobilit\u00e9 durable : bornes de recharge pour v\u00e9hicules \u00e9lectriques<span class=\"separator-holder separator-right\"><\/span><\/div><\/div>[vc_empty_space height=&#8221;20px&#8221;][vc_column_text]Pour continuer avec son engagement en faveur de l&#8217;environnement et avec l&#8217;objectif de promouvoir <strong>efficacement la mobilit\u00e9 durable,<\/strong> Arania a install\u00e9 dans ses locaux une borne de recharge rapide destin\u00e9e aux v\u00e9hicules \u00e9lectriques et hybrides rechargeables, avec la possibilit\u00e9 de recharger deux voitures simultan\u00e9ment.<\/p>\n<p>Tout simplement, pour les utiliser il suffit de demander un badge au contr\u00f4le d&#8217;acc\u00e8s qui permet d&#8217;activer la borne de recharge. Le syst\u00e8me est tr\u00e8s simple, son fonctionnement ergonomique et les instructions sont visibles sur le dispositif de recharge. Afin de promouvoir la mobilit\u00e9 durable et l&#8217;utilisation de v\u00e9hicules \u00e9lectriques au sein du personnel, les recharges seront gratuites jusqu&#8217;\u00e0 fin 2022. Le d\u00e9ploiement de bornes de recharge et la possibilit\u00e9 de les implanter sur les lieux de travail sont essentiels pour diffuser l&#8217;utilisation de ces v\u00e9hicules peu polluants, qui repr\u00e9sentent sans aucun doute le futur de la mobilit\u00e9 industrielle.[\/vc_column_text][vc_column_text]<\/p>\n<p style=\"text-align: left; font-size: 16px; line-height: 28px; background-color: #009fe336; padding: 24px;\">Depuis sa naissance en 1940, le Groupe Arania a toujours poursuivi sa vision industrielle, consistant \u00e0 d\u00e9velopper des processus plus avanc\u00e9s avec une perspective \u00e0 long terme en ce qui concerne ses processus technologiques de production, sans oublier son actif le plus essentiel : les personnes et leur \u00e9panouissement au sein du Groupe. Les objectifs du d\u00e9veloppement durable apportent une valeur industrielle \u00e1 Arania par le biais de nos activit\u00e9s et de notre engagement envers l&#8217;environnement, en renfor\u00e7ant notre r\u00e9putation et nos relations avec nos partenaires, clients et fournisseurs, ainsi qu&#8217;aupr\u00e8s des autorit\u00e9s.<\/p>\n<p>[\/vc_column_text][\/vc_column][\/vc_row]<\/p>\n<\/div>","protected":false},"excerpt":{"rendered":"<p>Pr\u00e9servation de l&#8217;environnement et mobilit\u00e9 durable : une nouvelle \u00e9tape pour Arania<\/p>\n","protected":false},"author":2,"featured_media":3816,"comment_status":"closed","ping_status":"closed","sticky":false,"template":"","format":"standard","meta":{"footnotes":""},"categories":[8,14],"tags":[],"class_list":["post-3821","post","type-post","status-publish","format-standard","has-post-thumbnail","hentry","category-non-classifiee","category-noticias-generales-fr","category-8","category-14","description-off"],"wpml":{"es":{"post_id":"3813","post_title":"Medioambiente y movilidad sostenible: un paso m\u00e1s de Arania","post_excerpt":"Grupo Arania reafirma su compromiso con la preservaci\u00f3n del entorno mediante la activaci\u00f3n oficial del certificado de Garant\u00eda de Origen (GdO). ","post_url":"https:\/\/www.araniasa.com\/proteccion-del-medioambiente-y-movilidad-sostenible-un-paso-mas-de-arania\/"},"en":{"post_id":"3825","post_title":"Environmental protection and sustainable mobility: a step forward for Arania","post_excerpt":"Environmental protection and sustainable mobility: a step forward for Arania","post_url":"https:\/\/www.araniasa.com\/en\/environmental-protection-and-sustainable-mobility-a-step-forward-for-arania\/"},"de":{"post_id":"3845","post_title":"Umweltschutz und nachhaltige Mobilit\u00e4t: ein weiterer Schritt f\u00fcr Arania","post_excerpt":"Die Arania-Gruppe bekr\u00e4ftigt ihr Engagement f\u00fcr den Schutz der Umwelt durch die offizielle Aktivierung des Herkunftsnachweises (HKN). ","post_url":"https:\/\/www.araniasa.com\/de\/umweltschutz-und-nachhaltige-mobilitaet-ein-weiterer-schritt-fuer-arania\/"}},"_links":{"self":[{"href":"https:\/\/www.araniasa.com\/fr\/wp-json\/wp\/v2\/posts\/3821","targetHints":{"allow":["GET"]}}],"collection":[{"href":"https:\/\/www.araniasa.com\/fr\/wp-json\/wp\/v2\/posts"}],"about":[{"href":"https:\/\/www.araniasa.com\/fr\/wp-json\/wp\/v2\/types\/post"}],"author":[{"embeddable":true,"href":"https:\/\/www.araniasa.com\/fr\/wp-json\/wp\/v2\/users\/2"}],"replies":[{"embeddable":true,"href":"https:\/\/www.araniasa.com\/fr\/wp-json\/wp\/v2\/comments?post=3821"}],"version-history":[{"count":0,"href":"https:\/\/www.araniasa.com\/fr\/wp-json\/wp\/v2\/posts\/3821\/revisions"}],"wp:featuredmedia":[{"embeddable":true,"href":"https:\/\/www.araniasa.com\/fr\/wp-json\/wp\/v2\/media\/3816"}],"wp:attachment":[{"href":"https:\/\/www.araniasa.com\/fr\/wp-json\/wp\/v2\/media?parent=3821"}],"wp:term":[{"taxonomy":"category","embeddable":true,"href":"https:\/\/www.araniasa.com\/fr\/wp-json\/wp\/v2\/categories?post=3821"},{"taxonomy":"post_tag","embeddable":true,"href":"https:\/\/www.araniasa.com\/fr\/wp-json\/wp\/v2\/tags?post=3821"}],"curies":[{"name":"wp","href":"https:\/\/api.w.org\/{rel}","templated":true}]}}